{"id":79887,"date":"2025-10-01T15:53:55","date_gmt":"2025-10-01T20:53:55","guid":{"rendered":"https:\/\/fmc.ecuanegos.com\/?p=40699"},"modified":"2025-11-19T15:36:02","modified_gmt":"2025-11-19T20:36:02","slug":"todos-los-sabados-viva-recorridos-familiares-y-experiencias-mediadas-siendo-parte-de-yaku-a-la-carta-en-el-museo-del-agua-de-quito","status":"publish","type":"post","link":"https:\/\/fmc.ecuanegos.com\/es\/todos-los-sabados-viva-recorridos-familiares-y-experiencias-mediadas-siendo-parte-de-yaku-a-la-carta-en-el-museo-del-agua-de-quito\/","title":{"rendered":"Todos los s\u00e1bados viva recorridos familiares y experiencias mediadas siendo parte de \u201cYaku a la Carta\u201d, en el Museo del Agua de Quito"},"content":{"rendered":"<p>Este mes de octubre, las familias tienen una cita con la naturaleza, el juego y el aprendizaje en el Yaku Parque Museo del Agua. Llega una nueva edici\u00f3n de \u201cYaku a la Carta\u201d, una propuesta pensada para disfrutar el fin de semana con actividades que invitan a ser parte de experiencias educativas significativas en torno al agua, los ecosistemas y la ciudad. Forme parte de esta actividad con el pago de su entrada al museo.<\/p>\n<p>La intenci\u00f3n de esta propuesta es que ni\u00f1os, ni\u00f1as, j\u00f3venes y adultos puedan elegir entre una \u00abcarta\u00bb que invita a explorar el museo desde distintas perspectivas: el arte, la ciencia, la cultura y la reflexi\u00f3n ambiental. Todo en un ambiente seguro, amigable y al aire libre.<\/p>\n<p>\u201cQueremos que cada familia seleccione su propio recorrido, que juegue, pregunte, se sorprenda y se conecte con el agua desde lo cotidiano y desde otras miradas\u201d, comparte el equipo de mediaci\u00f3n del museo.<\/p>\n<p>En este sentido, durante octubre se tienen previstos dos recorridos especiales:<\/p>\n<p><strong>El primer recorrido, a las 11h30, denominado La ofrenda de los Cuviv\u00edes en la laguna de Ozogoche, <\/strong>celebra la llegada anual de estas aves migratorias que viajan desde Norteam\u00e9rica hasta los p\u00e1ramos ecuatorianos. Destaca la profunda relaci\u00f3n entre las aves, la naturaleza y las comunidades que habitan la zona. Como parte de esta experiencia, se motivar\u00e1 a todos los asistentes a participar en una actividad creativa: crear su propia historia del ave viajera a trav\u00e9s de fanzines, cer\u00e1mica u origami, esto respondiendo a algunas preguntas detonantes \u00bfSe imaginan c\u00f3mo ser\u00eda su ave? \u00bfQu\u00e9 lugares visitar\u00edan si pudieran volar? \u00bfY c\u00f3mo podr\u00edamos ayudar a estas aves para que concluyan su largo viaje?<\/p>\n<p><strong>El segundo recorrido, programado para las 14h30, Un viaje al centro de los Bosques Tropicales, <\/strong>invita a ni\u00f1os, ni\u00f1as, j\u00f3venes y adultos a sumergirse en una experiencia visual, sensorial y reflexiva que revela la riqueza y complejidad de estos ecosistemas. Ante la pregunta fundamental de si es posible una gesti\u00f3n sostenible que equilibre la conservaci\u00f3n y la explotaci\u00f3n de los bosques, este recorrido invita a los visitantes a observar con sensibilidad y esp\u00edritu cr\u00edtico estos majestuosos entornos. Como parte de la experiencia, se incluye la actividad sensorial \u201cSonidos y aromas del bosque\u201d, donde los participantes cierran los ojos para escuchar los sonidos del entorno, oler resinas, semillas y cortezas caracter\u00edsticas, y luego compartir las im\u00e1genes, recuerdos o emociones que estas sensaciones despiertan, fomentando as\u00ed una conexi\u00f3n profunda con la naturaleza y un compromiso genuino con su conservaci\u00f3n<strong>.<\/strong><\/p>\n<p>Para m\u00e1s informaci\u00f3n ingrese a las redes sociales de Facebook o Instagram @yakuquito<\/p>\n<p>Finalmente, la tercera fase se centrar\u00e1 en la sistematizaci\u00f3n y publicaci\u00f3n de los resultados del proceso. Se elaborar\u00e1 un documento educativo-comunitario que recopile los prototipos de dise\u00f1o, las metodolog\u00edas empleadas y las reflexiones colectivas surgidas durante el proyecto. Este material ser\u00e1 diagramado, impreso y distribuido como una herramienta de memoria, formaci\u00f3n y posible replicabilidad en otros espacios similares. Estas piezas no solo cumplir\u00e1n una funci\u00f3n est\u00e9tica y ambiental, sino tambi\u00e9n pedag\u00f3gica, al invitar a la reflexi\u00f3n sobre el cuidado del entorno.<\/p>\n<p>Es importante anotar que, estos laboratorios buscan convertirse en un espacio com\u00fan donde el arte, la ecolog\u00eda y la memoria colectiva se encuentren, para re imaginar el huerto del CAC como un lugar abierto y vivo, que fortalece la convivencia, el aprendizaje mutuo y el respeto por los saberes ancestrales, los cuidados, los afectos y la apropiaci\u00f3n del espacio p\u00fablico<\/p>\n<p>Para m\u00e1s informaci\u00f3n ingrese a <a href=\"http:\/\/www.fundacionmuseosquito.gob.ec\">www.fundacionmuseosquito.gob.ec<\/a> \u00a0o a las redes sociales @comunidadesenmuseos @centroartequito<\/p>","protected":false},"excerpt":{"rendered":"<p>Este mes de octubre, las familias tienen una cita con la naturaleza, el juego y&hellip;<\/p>","protected":false},"author":1,"featured_media":71933,"comment_status":"closed","ping_status":"open","sticky":false,"template":"","format":"standard","meta":{"_acf_changed":false,"footnotes":""},"categories":[527,511,1149,1649,1797,1183,589],"tags":[851,807,1859,731,843,1879,1881,1883],"class_list":["post-79887","post","type-post","status-publish","format-standard","has-post-thumbnail","hentry","category-actividades","category-agenda","category-noticias-2023","category-noticias-2024","category-noticias-2025","category-noticias-mediacion-comunitaria","category-noticias-yaku","tag-actividades-familiares","tag-agenda-cultural","tag-familias","tag-museo-del-agua","tag-museos-quito","tag-recorridos-experienciales","tag-todos-los-sabados","tag-yaku-museeo-del-agua"],"acf":[],"yoast_head":"<!-- This site is optimized with the Yoast SEO plugin v26.4 - https:\/\/yoast.com\/wordpress\/plugins\/seo\/ -->\n<title>Todos los s\u00e1bados viva recorridos familiares y experiencias mediadas siendo parte de \u201cYaku a la Carta\u201d, en el Museo del Agua de Quito - Fundaci\u00f3n Museos de la Ciudad Quito | FMC<\/title>\n<meta name=\"robots\" content=\"noindex, follow, max-snippet:-1, max-image-preview:large, max-video-preview:-1\" \/>\n<meta property=\"og:locale\" content=\"es_MX\" \/>\n<meta property=\"og:type\" content=\"article\" \/>\n<meta property=\"og:title\" content=\"Todos los s\u00e1bados viva recorridos familiares y experiencias mediadas siendo parte de \u201cYaku a la Carta\u201d, en el Museo del Agua de Quito - Fundaci\u00f3n Museos de la Ciudad Quito | FMC\" \/>\n<meta property=\"og:description\" content=\"Este mes de octubre, las familias tienen una cita con la naturaleza, el juego y&hellip;\" \/>\n<meta property=\"og:url\" content=\"https:\/\/fmc.ecuanegos.com\/es\/todos-los-sabados-viva-recorridos-familiares-y-experiencias-mediadas-siendo-parte-de-yaku-a-la-carta-en-el-museo-del-agua-de-quito\/\" \/>\n<meta property=\"og:site_name\" content=\"Fundaci\u00f3n Museos de la Ciudad Quito | FMC\" \/>\n<meta property=\"article:published_time\" content=\"2025-10-01T20:53:55+00:00\" \/>\n<meta property=\"article:modified_time\" content=\"2025-11-19T20:36:02+00:00\" \/>\n<meta property=\"og:image\" content=\"https:\/\/fmc.ecuanegos.com\/wp-content\/uploads\/2025\/10\/YAKU_YAKUALACARTA-scaled.jpg\" \/>\n\t<meta property=\"og:image:width\" content=\"2560\" \/>\n\t<meta property=\"og:image:height\" content=\"1707\" \/>\n\t<meta property=\"og:image:type\" content=\"image\/jpeg\" \/>\n<meta name=\"author\" content=\"fundacionmuseosq\" \/>\n<meta name=\"twitter:card\" content=\"summary_large_image\" \/>\n<meta name=\"twitter:label1\" content=\"Escrito por\" \/>\n\t<meta name=\"twitter:data1\" content=\"fundacionmuseosq\" \/>\n\t<meta name=\"twitter:label2\" content=\"Tiempo de lectura\" \/>\n\t<meta name=\"twitter:data2\" content=\"3 minutos\" \/>\n<script type=\"application\/ld+json\" class=\"yoast-schema-graph\">{\"@context\":\"https:\/\/schema.org\",\"@graph\":[{\"@type\":\"Article\",\"@id\":\"https:\/\/fmc.ecuanegos.com\/todos-los-sabados-viva-recorridos-familiares-y-experiencias-mediadas-siendo-parte-de-yaku-a-la-carta-en-el-museo-del-agua-de-quito\/#article\",\"isPartOf\":{\"@id\":\"https:\/\/fmc.ecuanegos.com\/todos-los-sabados-viva-recorridos-familiares-y-experiencias-mediadas-siendo-parte-de-yaku-a-la-carta-en-el-museo-del-agua-de-quito\/\"},\"author\":{\"name\":\"fundacionmuseosq\",\"@id\":\"https:\/\/fmc.ecuanegos.com\/#\/schema\/person\/1289d3d6b4bb6bf6dc04a3eedbf15472\"},\"headline\":\"Todos los s\u00e1bados viva recorridos familiares y experiencias mediadas siendo parte de \u201cYaku a la Carta\u201d, en el Museo del Agua de Quito\",\"datePublished\":\"2025-10-01T20:53:55+00:00\",\"dateModified\":\"2025-11-19T20:36:02+00:00\",\"mainEntityOfPage\":{\"@id\":\"https:\/\/fmc.ecuanegos.com\/todos-los-sabados-viva-recorridos-familiares-y-experiencias-mediadas-siendo-parte-de-yaku-a-la-carta-en-el-museo-del-agua-de-quito\/\"},\"wordCount\":656,\"publisher\":{\"@id\":\"https:\/\/fmc.ecuanegos.com\/#organization\"},\"image\":{\"@id\":\"https:\/\/fmc.ecuanegos.com\/todos-los-sabados-viva-recorridos-familiares-y-experiencias-mediadas-siendo-parte-de-yaku-a-la-carta-en-el-museo-del-agua-de-quito\/#primaryimage\"},\"thumbnailUrl\":\"https:\/\/fmc.ecuanegos.com\/wp-content\/uploads\/2025\/10\/YAKU_YAKUALACARTA-scaled.jpg\",\"keywords\":[\"actividades familiares\",\"agenda cultural\",\"familias\",\"Museo del Agua\",\"Museos Quito\",\"recorridos experienciales\",\"Todos los s\u00e0bados\",\"Yaku Museeo del Agua\"],\"articleSection\":[\"actividades\",\"Agenda\",\"Noticias 2023\",\"Noticias 2024\",\"Noticias 2025\",\"Noticias Mediacion Comunitaria\",\"Noticias Yaku\"],\"inLanguage\":\"es\"},{\"@type\":\"WebPage\",\"@id\":\"https:\/\/fmc.ecuanegos.com\/todos-los-sabados-viva-recorridos-familiares-y-experiencias-mediadas-siendo-parte-de-yaku-a-la-carta-en-el-museo-del-agua-de-quito\/\",\"url\":\"https:\/\/fmc.ecuanegos.com\/todos-los-sabados-viva-recorridos-familiares-y-experiencias-mediadas-siendo-parte-de-yaku-a-la-carta-en-el-museo-del-agua-de-quito\/\",\"name\":\"Todos los s\u00e1bados viva recorridos familiares y experiencias mediadas siendo parte de \u201cYaku a la Carta\u201d, en el Museo del Agua de Quito - Fundaci\u00f3n Museos de la Ciudad Quito | FMC\",\"isPartOf\":{\"@id\":\"https:\/\/fmc.ecuanegos.com\/#website\"},\"primaryImageOfPage\":{\"@id\":\"https:\/\/fmc.ecuanegos.com\/todos-los-sabados-viva-recorridos-familiares-y-experiencias-mediadas-siendo-parte-de-yaku-a-la-carta-en-el-museo-del-agua-de-quito\/#primaryimage\"},\"image\":{\"@id\":\"https:\/\/fmc.ecuanegos.com\/todos-los-sabados-viva-recorridos-familiares-y-experiencias-mediadas-siendo-parte-de-yaku-a-la-carta-en-el-museo-del-agua-de-quito\/#primaryimage\"},\"thumbnailUrl\":\"https:\/\/fmc.ecuanegos.com\/wp-content\/uploads\/2025\/10\/YAKU_YAKUALACARTA-scaled.jpg\",\"datePublished\":\"2025-10-01T20:53:55+00:00\",\"dateModified\":\"2025-11-19T20:36:02+00:00\",\"breadcrumb\":{\"@id\":\"https:\/\/fmc.ecuanegos.com\/todos-los-sabados-viva-recorridos-familiares-y-experiencias-mediadas-siendo-parte-de-yaku-a-la-carta-en-el-museo-del-agua-de-quito\/#breadcrumb\"},\"inLanguage\":\"es\",\"potentialAction\":[{\"@type\":\"ReadAction\",\"target\":[\"https:\/\/fmc.ecuanegos.com\/todos-los-sabados-viva-recorridos-familiares-y-experiencias-mediadas-siendo-parte-de-yaku-a-la-carta-en-el-museo-del-agua-de-quito\/\"]}]},{\"@type\":\"ImageObject\",\"inLanguage\":\"es\",\"@id\":\"https:\/\/fmc.ecuanegos.com\/todos-los-sabados-viva-recorridos-familiares-y-experiencias-mediadas-siendo-parte-de-yaku-a-la-carta-en-el-museo-del-agua-de-quito\/#primaryimage\",\"url\":\"https:\/\/fmc.ecuanegos.com\/wp-content\/uploads\/2025\/10\/YAKU_YAKUALACARTA-scaled.jpg\",\"contentUrl\":\"https:\/\/fmc.ecuanegos.com\/wp-content\/uploads\/2025\/10\/YAKU_YAKUALACARTA-scaled.jpg\",\"width\":2560,\"height\":1707},{\"@type\":\"BreadcrumbList\",\"@id\":\"https:\/\/fmc.ecuanegos.com\/todos-los-sabados-viva-recorridos-familiares-y-experiencias-mediadas-siendo-parte-de-yaku-a-la-carta-en-el-museo-del-agua-de-quito\/#breadcrumb\",\"itemListElement\":[{\"@type\":\"ListItem\",\"position\":1,\"name\":\"Portada\",\"item\":\"https:\/\/fmc.ecuanegos.com\/\"},{\"@type\":\"ListItem\",\"position\":2,\"name\":\"Todos los s\u00e1bados viva recorridos familiares y experiencias mediadas siendo parte de \u201cYaku a la Carta\u201d, en el Museo del Agua de Quito\"}]},{\"@type\":\"WebSite\",\"@id\":\"https:\/\/fmc.ecuanegos.com\/#website\",\"url\":\"https:\/\/fmc.ecuanegos.com\/\",\"name\":\"Fundaci\u00f3n Museos de la Ciudad Quito | FMC\",\"description\":\"\",\"publisher\":{\"@id\":\"https:\/\/fmc.ecuanegos.com\/#organization\"},\"potentialAction\":[{\"@type\":\"SearchAction\",\"target\":{\"@type\":\"EntryPoint\",\"urlTemplate\":\"https:\/\/fmc.ecuanegos.com\/?s={search_term_string}\"},\"query-input\":{\"@type\":\"PropertyValueSpecification\",\"valueRequired\":true,\"valueName\":\"search_term_string\"}}],\"inLanguage\":\"es\"},{\"@type\":\"Organization\",\"@id\":\"https:\/\/fmc.ecuanegos.com\/#organization\",\"name\":\"Fundaci\u00f3n Museos de la Ciudad Quito | FMC\",\"url\":\"https:\/\/fmc.ecuanegos.com\/\",\"logo\":{\"@type\":\"ImageObject\",\"inLanguage\":\"es\",\"@id\":\"https:\/\/fmc.ecuanegos.com\/#\/schema\/logo\/image\/\",\"url\":\"https:\/\/fmc.ecuanegos.com\/wp-content\/uploads\/2025\/11\/LOGO-WEB-BLANCO.png\",\"contentUrl\":\"https:\/\/fmc.ecuanegos.com\/wp-content\/uploads\/2025\/11\/LOGO-WEB-BLANCO.png\",\"width\":362,\"height\":60,\"caption\":\"Fundaci\u00f3n Museos de la Ciudad Quito | FMC\"},\"image\":{\"@id\":\"https:\/\/fmc.ecuanegos.com\/#\/schema\/logo\/image\/\"}},{\"@type\":\"Person\",\"@id\":\"https:\/\/fmc.ecuanegos.com\/#\/schema\/person\/1289d3d6b4bb6bf6dc04a3eedbf15472\",\"name\":\"fundacionmuseosq\",\"image\":{\"@type\":\"ImageObject\",\"inLanguage\":\"es\",\"@id\":\"https:\/\/fmc.ecuanegos.com\/#\/schema\/person\/image\/\",\"url\":\"https:\/\/secure.gravatar.com\/avatar\/9cff98cd86cf4281be1532880183e218d6bf4f05d7bba084fe3650fe6bdc3c89?s=96&d=mm&r=g\",\"contentUrl\":\"https:\/\/secure.gravatar.com\/avatar\/9cff98cd86cf4281be1532880183e218d6bf4f05d7bba084fe3650fe6bdc3c89?s=96&d=mm&r=g\",\"caption\":\"fundacionmuseosq\"},\"sameAs\":[\"https:\/\/fmc.ecuanegos.com\"],\"url\":\"https:\/\/fmc.ecuanegos.com\/es\/author\/fundacionmuseosq\/\"}]}<\/script>\n<!-- \/ Yoast SEO plugin. -->","yoast_head_json":{"title":"Todos los s\u00e1bados viva recorridos familiares y experiencias mediadas siendo parte de \u201cYaku a la Carta\u201d, en el Museo del Agua de Quito - Fundaci\u00f3n Museos de la Ciudad Quito | FMC","robots":{"index":"noindex","follow":"follow","max-snippet":"max-snippet:-1","max-image-preview":"max-image-preview:large","max-video-preview":"max-video-preview:-1"},"og_locale":"es_MX","og_type":"article","og_title":"Todos los s\u00e1bados viva recorridos familiares y experiencias mediadas siendo parte de \u201cYaku a la Carta\u201d, en el Museo del Agua de Quito - Fundaci\u00f3n Museos de la Ciudad Quito | FMC","og_description":"Este mes de octubre, las familias tienen una cita con la naturaleza, el juego y&hellip;","og_url":"https:\/\/fmc.ecuanegos.com\/es\/todos-los-sabados-viva-recorridos-familiares-y-experiencias-mediadas-siendo-parte-de-yaku-a-la-carta-en-el-museo-del-agua-de-quito\/","og_site_name":"Fundaci\u00f3n Museos de la Ciudad Quito | FMC","article_published_time":"2025-10-01T20:53:55+00:00","article_modified_time":"2025-11-19T20:36:02+00:00","og_image":[{"width":2560,"height":1707,"url":"https:\/\/fmc.ecuanegos.com\/wp-content\/uploads\/2025\/10\/YAKU_YAKUALACARTA-scaled.jpg","type":"image\/jpeg"}],"author":"fundacionmuseosq","twitter_card":"summary_large_image","twitter_misc":{"Escrito por":"fundacionmuseosq","Tiempo de lectura":"3 minutos"},"schema":{"@context":"https:\/\/schema.org","@graph":[{"@type":"Article","@id":"https:\/\/fmc.ecuanegos.com\/todos-los-sabados-viva-recorridos-familiares-y-experiencias-mediadas-siendo-parte-de-yaku-a-la-carta-en-el-museo-del-agua-de-quito\/#article","isPartOf":{"@id":"https:\/\/fmc.ecuanegos.com\/todos-los-sabados-viva-recorridos-familiares-y-experiencias-mediadas-siendo-parte-de-yaku-a-la-carta-en-el-museo-del-agua-de-quito\/"},"author":{"name":"fundacionmuseosq","@id":"https:\/\/fmc.ecuanegos.com\/#\/schema\/person\/1289d3d6b4bb6bf6dc04a3eedbf15472"},"headline":"Todos los s\u00e1bados viva recorridos familiares y experiencias mediadas siendo parte de \u201cYaku a la Carta\u201d, en el Museo del Agua de Quito","datePublished":"2025-10-01T20:53:55+00:00","dateModified":"2025-11-19T20:36:02+00:00","mainEntityOfPage":{"@id":"https:\/\/fmc.ecuanegos.com\/todos-los-sabados-viva-recorridos-familiares-y-experiencias-mediadas-siendo-parte-de-yaku-a-la-carta-en-el-museo-del-agua-de-quito\/"},"wordCount":656,"publisher":{"@id":"https:\/\/fmc.ecuanegos.com\/#organization"},"image":{"@id":"https:\/\/fmc.ecuanegos.com\/todos-los-sabados-viva-recorridos-familiares-y-experiencias-mediadas-siendo-parte-de-yaku-a-la-carta-en-el-museo-del-agua-de-quito\/#primaryimage"},"thumbnailUrl":"https:\/\/fmc.ecuanegos.com\/wp-content\/uploads\/2025\/10\/YAKU_YAKUALACARTA-scaled.jpg","keywords":["actividades familiares","agenda cultural","familias","Museo del Agua","Museos Quito","recorridos experienciales","Todos los s\u00e0bados","Yaku Museeo del Agua"],"articleSection":["actividades","Agenda","Noticias 2023","Noticias 2024","Noticias 2025","Noticias Mediacion Comunitaria","Noticias Yaku"],"inLanguage":"es"},{"@type":"WebPage","@id":"https:\/\/fmc.ecuanegos.com\/todos-los-sabados-viva-recorridos-familiares-y-experiencias-mediadas-siendo-parte-de-yaku-a-la-carta-en-el-museo-del-agua-de-quito\/","url":"https:\/\/fmc.ecuanegos.com\/todos-los-sabados-viva-recorridos-familiares-y-experiencias-mediadas-siendo-parte-de-yaku-a-la-carta-en-el-museo-del-agua-de-quito\/","name":"Todos los s\u00e1bados viva recorridos familiares y experiencias mediadas siendo parte de \u201cYaku a la Carta\u201d, en el Museo del Agua de Quito - Fundaci\u00f3n Museos de la Ciudad Quito | FMC","isPartOf":{"@id":"https:\/\/fmc.ecuanegos.com\/#website"},"primaryImageOfPage":{"@id":"https:\/\/fmc.ecuanegos.com\/todos-los-sabados-viva-recorridos-familiares-y-experiencias-mediadas-siendo-parte-de-yaku-a-la-carta-en-el-museo-del-agua-de-quito\/#primaryimage"},"image":{"@id":"https:\/\/fmc.ecuanegos.com\/todos-los-sabados-viva-recorridos-familiares-y-experiencias-mediadas-siendo-parte-de-yaku-a-la-carta-en-el-museo-del-agua-de-quito\/#primaryimage"},"thumbnailUrl":"https:\/\/fmc.ecuanegos.com\/wp-content\/uploads\/2025\/10\/YAKU_YAKUALACARTA-scaled.jpg","datePublished":"2025-10-01T20:53:55+00:00","dateModified":"2025-11-19T20:36:02+00:00","breadcrumb":{"@id":"https:\/\/fmc.ecuanegos.com\/todos-los-sabados-viva-recorridos-familiares-y-experiencias-mediadas-siendo-parte-de-yaku-a-la-carta-en-el-museo-del-agua-de-quito\/#breadcrumb"},"inLanguage":"es","potentialAction":[{"@type":"ReadAction","target":["https:\/\/fmc.ecuanegos.com\/todos-los-sabados-viva-recorridos-familiares-y-experiencias-mediadas-siendo-parte-de-yaku-a-la-carta-en-el-museo-del-agua-de-quito\/"]}]},{"@type":"ImageObject","inLanguage":"es","@id":"https:\/\/fmc.ecuanegos.com\/todos-los-sabados-viva-recorridos-familiares-y-experiencias-mediadas-siendo-parte-de-yaku-a-la-carta-en-el-museo-del-agua-de-quito\/#primaryimage","url":"https:\/\/fmc.ecuanegos.com\/wp-content\/uploads\/2025\/10\/YAKU_YAKUALACARTA-scaled.jpg","contentUrl":"https:\/\/fmc.ecuanegos.com\/wp-content\/uploads\/2025\/10\/YAKU_YAKUALACARTA-scaled.jpg","width":2560,"height":1707},{"@type":"BreadcrumbList","@id":"https:\/\/fmc.ecuanegos.com\/todos-los-sabados-viva-recorridos-familiares-y-experiencias-mediadas-siendo-parte-de-yaku-a-la-carta-en-el-museo-del-agua-de-quito\/#breadcrumb","itemListElement":[{"@type":"ListItem","position":1,"name":"Portada","item":"https:\/\/fmc.ecuanegos.com\/"},{"@type":"ListItem","position":2,"name":"Todos los s\u00e1bados viva recorridos familiares y experiencias mediadas siendo parte de \u201cYaku a la Carta\u201d, en el Museo del Agua de Quito"}]},{"@type":"WebSite","@id":"https:\/\/fmc.ecuanegos.com\/#website","url":"https:\/\/fmc.ecuanegos.com\/","name":"Fundaci\u00f3n Museos de la Ciudad Quito | FMC","description":"","publisher":{"@id":"https:\/\/fmc.ecuanegos.com\/#organization"},"potentialAction":[{"@type":"SearchAction","target":{"@type":"EntryPoint","urlTemplate":"https:\/\/fmc.ecuanegos.com\/?s={search_term_string}"},"query-input":{"@type":"PropertyValueSpecification","valueRequired":true,"valueName":"search_term_string"}}],"inLanguage":"es"},{"@type":"Organization","@id":"https:\/\/fmc.ecuanegos.com\/#organization","name":"Fundaci\u00f3n Museos de la Ciudad Quito | FMC","url":"https:\/\/fmc.ecuanegos.com\/","logo":{"@type":"ImageObject","inLanguage":"es","@id":"https:\/\/fmc.ecuanegos.com\/#\/schema\/logo\/image\/","url":"https:\/\/fmc.ecuanegos.com\/wp-content\/uploads\/2025\/11\/LOGO-WEB-BLANCO.png","contentUrl":"https:\/\/fmc.ecuanegos.com\/wp-content\/uploads\/2025\/11\/LOGO-WEB-BLANCO.png","width":362,"height":60,"caption":"Fundaci\u00f3n Museos de la Ciudad Quito | FMC"},"image":{"@id":"https:\/\/fmc.ecuanegos.com\/#\/schema\/logo\/image\/"}},{"@type":"Person","@id":"https:\/\/fmc.ecuanegos.com\/#\/schema\/person\/1289d3d6b4bb6bf6dc04a3eedbf15472","name":"fundacionmuseosq","image":{"@type":"ImageObject","inLanguage":"es","@id":"https:\/\/fmc.ecuanegos.com\/#\/schema\/person\/image\/","url":"https:\/\/secure.gravatar.com\/avatar\/9cff98cd86cf4281be1532880183e218d6bf4f05d7bba084fe3650fe6bdc3c89?s=96&d=mm&r=g","contentUrl":"https:\/\/secure.gravatar.com\/avatar\/9cff98cd86cf4281be1532880183e218d6bf4f05d7bba084fe3650fe6bdc3c89?s=96&d=mm&r=g","caption":"fundacionmuseosq"},"sameAs":["https:\/\/fmc.ecuanegos.com"],"url":"https:\/\/fmc.ecuanegos.com\/es\/author\/fundacionmuseosq\/"}]}},"_links":{"self":[{"href":"https:\/\/fmc.ecuanegos.com\/es\/wp-json\/wp\/v2\/posts\/79887","targetHints":{"allow":["GET"]}}],"collection":[{"href":"https:\/\/fmc.ecuanegos.com\/es\/wp-json\/wp\/v2\/posts"}],"about":[{"href":"https:\/\/fmc.ecuanegos.com\/es\/wp-json\/wp\/v2\/types\/post"}],"author":[{"embeddable":true,"href":"https:\/\/fmc.ecuanegos.com\/es\/wp-json\/wp\/v2\/users\/1"}],"replies":[{"embeddable":true,"href":"https:\/\/fmc.ecuanegos.com\/es\/wp-json\/wp\/v2\/comments?post=79887"}],"version-history":[{"count":1,"href":"https:\/\/fmc.ecuanegos.com\/es\/wp-json\/wp\/v2\/posts\/79887\/revisions"}],"predecessor-version":[{"id":84182,"href":"https:\/\/fmc.ecuanegos.com\/es\/wp-json\/wp\/v2\/posts\/79887\/revisions\/84182"}],"wp:featuredmedia":[{"embeddable":true,"href":"https:\/\/fmc.ecuanegos.com\/es\/wp-json\/wp\/v2\/media\/71933"}],"wp:attachment":[{"href":"https:\/\/fmc.ecuanegos.com\/es\/wp-json\/wp\/v2\/media?parent=79887"}],"wp:term":[{"taxonomy":"category","embeddable":true,"href":"https:\/\/fmc.ecuanegos.com\/es\/wp-json\/wp\/v2\/categories?post=79887"},{"taxonomy":"post_tag","embeddable":true,"href":"https:\/\/fmc.ecuanegos.com\/es\/wp-json\/wp\/v2\/tags?post=79887"}],"curies":[{"name":"wp","href":"https:\/\/api.w.org\/{rel}","templated":true}]}}